{"id":185,"date":"2010-03-18T17:42:21","date_gmt":"2010-03-18T16:42:21","guid":{"rendered":"http:\/\/heinz-ulrich-schwarz.de\/wordpress\/?p=185"},"modified":"2010-03-18T17:42:34","modified_gmt":"2010-03-18T16:42:34","slug":"kuste","status":"publish","type":"post","link":"https:\/\/heinz-ulrich-schwarz.de\/wordpress\/kuste\/","title":{"rendered":"K\u00fcste"},"content":{"rendered":"<p>Die Bretage ohne ein paar K\u00fcsten- oder  Landschaftsbilder kann nicht sein. Es ist einfach ein wundersch\u00f6nes  Urlaubsland.<!--more--><code><div class='lg_gallery'>\n\t\t<div class=\"lg_slideshow \" id=\"lg_slideshow_1\" >\r\n\t\t\t<div class=\"lg_loading\">Loading...<\/div><a id=\"lg_thumb_onclick_img_0366-jpg_1\" href=\"javascript:void(window.open('https:\/\/heinz-ulrich-schwarz.de\/wordpress\/wp-content\/plugins\/lazyest-gallery\/lazyest-popup.php?image=IMG_0366.JPG&amp;folder=kueste\/','','resizable=no,location=no,menubar=no,scrollbars=no,status=no,toolbar=no,fullscreen=no,dependent=yes,width=400,height=400,left=100,top=100'))\" class=\"lg\"><img decoding=\"async\" src=\"https:\/\/heinz-ulrich-schwarz.de\/wordpress\/wp-content\/lg-gallery\/kueste\/slides\/IMG_0366.JPG\" title=\"IMG 0366\" alt=\"image img_0366-jpg\" rel=\"\" \/><\/a><a id=\"lg_thumb_onclick_img_0367-jpg_1\" href=\"javascript:void(window.open('https:\/\/heinz-ulrich-schwarz.de\/wordpress\/wp-content\/plugins\/lazyest-gallery\/lazyest-popup.php?image=IMG_0367.JPG&amp;folder=kueste\/','','resizable=no,location=no,menubar=no,scrollbars=no,status=no,toolbar=no,fullscreen=no,dependent=yes,width=400,height=400,left=100,top=100'))\" class=\"lg\"><img decoding=\"async\" src=\"https:\/\/heinz-ulrich-schwarz.de\/wordpress\/wp-content\/lg-gallery\/kueste\/slides\/IMG_0367.JPG\" title=\"IMG 0367\" alt=\"image img_0367-jpg\" rel=\"\" \/><\/a><a id=\"lg_thumb_onclick_img_0411-jpg_1\" href=\"javascript:void(window.open('https:\/\/heinz-ulrich-schwarz.de\/wordpress\/wp-content\/plugins\/lazyest-gallery\/lazyest-popup.php?image=IMG_0411.JPG&amp;folder=kueste\/','','resizable=no,location=no,menubar=no,scrollbars=no,status=no,toolbar=no,fullscreen=no,dependent=yes,width=400,height=400,left=100,top=100'))\" class=\"lg\"><img decoding=\"async\" src=\"https:\/\/heinz-ulrich-schwarz.de\/wordpress\/wp-content\/lg-gallery\/kueste\/slides\/IMG_0411.JPG\" title=\"IMG 0411\" alt=\"image img_0411-jpg\" rel=\"\" \/><\/a><a id=\"lg_thumb_onclick_img_0440-jpg_1\" href=\"javascript:void(window.open('https:\/\/heinz-ulrich-schwarz.de\/wordpress\/wp-content\/plugins\/lazyest-gallery\/lazyest-popup.php?image=IMG_0440.JPG&amp;folder=kueste\/','','resizable=no,location=no,menubar=no,scrollbars=no,status=no,toolbar=no,fullscreen=no,dependent=yes,width=400,height=400,left=100,top=100'))\" class=\"lg\"><img decoding=\"async\" src=\"https:\/\/heinz-ulrich-schwarz.de\/wordpress\/wp-content\/lg-gallery\/kueste\/slides\/IMG_0440.JPG\" title=\"IMG 0440\" alt=\"image img_0440-jpg\" rel=\"\" \/><\/a><a id=\"lg_thumb_onclick_img_4037-jpg_1\" href=\"javascript:void(window.open('https:\/\/heinz-ulrich-schwarz.de\/wordpress\/wp-content\/plugins\/lazyest-gallery\/lazyest-popup.php?image=IMG_4037.JPG&amp;folder=kueste\/','','resizable=no,location=no,menubar=no,scrollbars=no,status=no,toolbar=no,fullscreen=no,dependent=yes,width=400,height=400,left=100,top=100'))\" class=\"lg\"><img decoding=\"async\" src=\"https:\/\/heinz-ulrich-schwarz.de\/wordpress\/wp-content\/lg-gallery\/kueste\/slides\/IMG_4037.JPG\" title=\"IMG 4037\" alt=\"image img_4037-jpg\" rel=\"\" \/><\/a><div class=\"sscaption\"><\/div>\t\r\n    <\/div>\r\n    <\/div>\n<\/code><\/p>\n","protected":false},"excerpt":{"rendered":"<p>Die Bretage ohne ein paar K\u00fcsten- oder Landschaftsbilder kann nicht sein. Es ist einfach ein wundersch\u00f6nes Urlaubsland.<\/p>\n","protected":false},"author":4,"featured_media":0,"comment_status":"closed","ping_status":"open","sticky":false,"template":"","format":"standard","meta":{"_crdt_document":"","jetpack_post_was_ever_published":false,"_jetpack_newsletter_access":"","_jetpack_dont_email_post_to_subs":false,"_jetpack_newsletter_tier_id":0,"_jetpack_memberships_contains_paywalled_content":false,"_jetpack_memberships_contains_paid_content":false,"footnotes":""},"categories":[15],"tags":[123,129],"class_list":["post-185","post","type-post","status-publish","format-standard","hentry","category-binsenbummeln-in-der-bretagne","tag-bretagne","tag-kuste"],"jetpack_featured_media_url":"","jetpack_sharing_enabled":true,"jetpack_shortlink":"https:\/\/wp.me\/safp4h-kuste","_links":{"self":[{"href":"https:\/\/heinz-ulrich-schwarz.de\/wordpress\/wp-json\/wp\/v2\/posts\/185","targetHints":{"allow":["GET"]}}],"collection":[{"href":"https:\/\/heinz-ulrich-schwarz.de\/wordpress\/wp-json\/wp\/v2\/posts"}],"about":[{"href":"https:\/\/heinz-ulrich-schwarz.de\/wordpress\/wp-json\/wp\/v2\/types\/post"}],"author":[{"embeddable":true,"href":"https:\/\/heinz-ulrich-schwarz.de\/wordpress\/wp-json\/wp\/v2\/users\/4"}],"replies":[{"embeddable":true,"href":"https:\/\/heinz-ulrich-schwarz.de\/wordpress\/wp-json\/wp\/v2\/comments?post=185"}],"version-history":[{"count":2,"href":"https:\/\/heinz-ulrich-schwarz.de\/wordpress\/wp-json\/wp\/v2\/posts\/185\/revisions"}],"predecessor-version":[{"id":187,"href":"https:\/\/heinz-ulrich-schwarz.de\/wordpress\/wp-json\/wp\/v2\/posts\/185\/revisions\/187"}],"wp:attachment":[{"href":"https:\/\/heinz-ulrich-schwarz.de\/wordpress\/wp-json\/wp\/v2\/media?parent=185"}],"wp:term":[{"taxonomy":"category","embeddable":true,"href":"https:\/\/heinz-ulrich-schwarz.de\/wordpress\/wp-json\/wp\/v2\/categories?post=185"},{"taxonomy":"post_tag","embeddable":true,"href":"https:\/\/heinz-ulrich-schwarz.de\/wordpress\/wp-json\/wp\/v2\/tags?post=185"}],"curies":[{"name":"wp","href":"https:\/\/api.w.org\/{rel}","templated":true}]}}